{"id":1669,"count":30,"description":"<h1>Allium : une plante graphique, \u00e9l\u00e9gante et polyvalente<\/h1><p>Les alliums, commun\u00e9ment appel\u00e9s ails d'ornement, se distinguent en tant qu'\u00e9l\u00e9ments d\u00e9coratifs, aussi bien dans les espaces ext\u00e9rieurs que dans l'art floral. Leur attrait r\u00e9side dans la richesse des vari\u00e9t\u00e9s disponibles, offrant des dimensions et des p\u00e9riodes de floraison variables. La majorit\u00e9 de ces vari\u00e9t\u00e9s d\u00e9ploient leurs magnifiques floraisons au printemps, g\u00e9n\u00e9ralement entre avril et juin. Toutefois, certaines, comme l'Allium sphaerocephalum, le forelock ou le cernuum, pr\u00e9f\u00e8rent d\u00e9voiler leur splendeur plus tardivement, entre juin et juillet.<\/p><h2>plantation et saisonnalit\u00e9 : flexibilit\u00e9 des alliums<\/h2><p>La p\u00e9riode optimale de plantation s'\u00e9tend de septembre \u00e0 d\u00e9cembre \u00e0 l'automne. Il faut savoir que certains petits alliums d'ornement, comme les Moly, Neapolitanum et Oreophilum, peuvent \u00e9galement \u00eatre plant\u00e9s au printemps. Cette flexibilit\u00e9 saisonni\u00e8re \u00e9largit les possibilit\u00e9s d'int\u00e9gration de ces plantes dans des compositions florales diverses.<\/p><h2>formes majestueuses : vari\u00e9t\u00e9 et spectacle visuel<\/h2><p>Les alliums se distinguent par la diversit\u00e9 de leurs formes, variant de plus ou moins sph\u00e9riques, cr\u00e9ant ainsi des spectacles visuels remarquables. <span style=\"font-size: 1em\">Les vari\u00e9t\u00e9s plus imposantes, comme l'allium Globemaster, ont un diam\u00e8tre d\u00e9passant les 18 cm. De m\u00eame, l'allium schubertii est impressionnant avec ses 30 cm de diam\u00e8tre. Sans parler de sa structure en toile d'araign\u00e9e, ajoutant une dimension majestueuse aux espaces verts.<\/span><\/p><h2>adaptabilit\u00e9 remarquable : naturalisation et harmonie des associations<\/h2><div class=\"flex-1 overflow-hidden\"><div class=\"react-scroll-to-bottom--css-ncksl-79elbk h-full\"><div class=\"react-scroll-to-bottom--css-ncksl-1n7m0yu\"><div class=\"flex flex-col pb-9 text-sm\"><div class=\"w-full text-token-text-primary\" data-testid=\"conversation-turn-35\"><div class=\"px-4 py-2 justify-center text-base md:gap-6 m-auto\"><div class=\"flex flex-1 text-base mx-auto gap-3 md:px-5 lg:px-1 xl:px-5 md:max-w-3xl lg:max-w-[40rem] xl:max-w-[48rem] } group final-completion\"><div class=\"relative flex w-full flex-col lg:w-[calc(100%-115px)] agent-turn\"><div class=\"flex-col gap-1 md:gap-3\"><div class=\"flex flex-grow flex-col max-w-full\"><div class=\"min-h-[20px] text-message flex flex-col items-start gap-3 whitespace-pre-wrap break-words [.text-message+&amp;]:mt-5 overflow-x-auto\" data-message-author-role=\"assistant\" data-message-id=\"18e906af-c7e9-42fe-958e-d81b23364c02\"><div class=\"markdown prose w-full break-words dark:prose-invert light\"><p>Ces bulbes vivaces pr\u00e9sentent la particularit\u00e9 de se naturaliser ais\u00e9ment. Ils sont ainsi id\u00e9aux pour des associations harmonieuses avec d'autres esp\u00e8ces, telles que les Eremurus, les Camassias, ou les fritillaires dans des massifs. <span style=\"font-size: 1em\">La capacit\u00e9 des alliums \u00e0 s'adapter et \u00e0 prosp\u00e9rer au fil des saisons en fait des partenaires privil\u00e9gi\u00e9s pour concevoir des jardins \u00e9volutifs.<\/span><\/p><\/div><\/div><\/div><\/div><\/div><\/div><\/div><\/div><\/div><\/div><\/div><\/div><h2>de la floraison \u00e0 la s\u00e9cheresse : l'art des alliums<\/h2><p>L'admiration suscit\u00e9e par leurs floraisons aux teintes violettes \u00e0 bleut\u00e9es pendant la saison n'est qu'une facette de leur charme. Une fois s\u00e9ch\u00e9es, les formes des alliums se r\u00e9v\u00e8lent tout aussi attrayantes. L'option de les laisser s\u00e9cher directement dans le jardin offre une m\u00e9tamorphose naturelle du massif au fil des saisons. Cependant, l'alternative de les cueillir pour composer des bouquets de fleurs s\u00e9ch\u00e9es conf\u00e8re une nouvelle vie \u00e0 ces alliums, prolongeant ainsi leur impact esth\u00e9tique.<\/p><h2>alliums, compagnons graphiques pour un jolie jardin<\/h2><div class=\"flex-1 overflow-hidden\"><div class=\"react-scroll-to-bottom--css-ncksl-79elbk h-full\"><div class=\"react-scroll-to-bottom--css-ncksl-1n7m0yu\"><div class=\"flex flex-col pb-9 text-sm\"><div class=\"w-full text-token-text-primary\" data-testid=\"conversation-turn-23\"><div class=\"px-4 py-2 justify-center text-base md:gap-6 m-auto\"><div class=\"flex flex-1 text-base mx-auto gap-3 md:px-5 lg:px-1 xl:px-5 md:max-w-3xl lg:max-w-[40rem] xl:max-w-[48rem] } group final-completion\"><div class=\"relative flex w-full flex-col lg:w-[calc(100%-115px)] agent-turn\"><div class=\"flex-col gap-1 md:gap-3\"><div class=\"flex flex-grow flex-col max-w-full\"><div class=\"min-h-[20px] text-message flex flex-col items-start gap-3 whitespace-pre-wrap break-words [.text-message+&amp;]:mt-5 overflow-x-auto\" data-message-author-role=\"assistant\" data-message-id=\"ce0daffc-b15b-46cd-9246-1d7b354e6133\"><div class=\"markdown prose w-full break-words dark:prose-invert light\"><p>En r\u00e9sum\u00e9, les alliums se positionnent comme des plantes graphiques, \u00e9l\u00e9gantes et polyvalentes, apportant une dimension distinctive aux espaces verts. Leur capacit\u00e9 \u00e0 marier beaut\u00e9 et praticit\u00e9, du jardin aux bouquets, en fait des \u00e9l\u00e9ments incontournables pour tout amateur de jardinage cherchant \u00e0 rehausser l'\u00e9l\u00e9gance de ses espaces ext\u00e9rieurs. Avec leur vari\u00e9t\u00e9 infinie, ils deviennent des partenaires essentiels pour cr\u00e9er un environnement paysager unique empreint de professionnalisme.<\/p><\/div><\/div><\/div><\/div><\/div><\/div><\/div><\/div><\/div><\/div><\/div><\/div>","link":"https:\/\/www.ernest-turc.com\/boutique\/produits\/bulbes\/fleurs\/alliums\/","name":"Alliums","slug":"alliums","taxonomy":"product_cat","parent":180,"meta":[],"menu_order":0,"yoast_head":"<!-- This site is optimized with the Yoast SEO Premium plugin v25.2 (Yoast SEO v27.5) - https:\/\/yoast.com\/product\/yoast-seo-premium-wordpress\/ -->\n<title>Bulbes Alliums - Ernest TURC<\/title>\n<meta name=\"description\" content=\"Allium : plante graphique, d\u00e9corative et versatile pour des jardins \u00e9blouissants. Vari\u00e9t\u00e9s aux floraisons \u00e9chelonn\u00e9es. Plantation automnale et printani\u00e8re.\" \/>\n<meta name=\"robots\" content=\"index, follow, max-snippet:-1, max-image-preview:large, max-video-preview:-1\" \/>\n<link rel=\"canonical\" href=\"https:\/\/www.ernest-turc.com\/boutique\/produits\/bulbes\/fleurs\/alliums\/\" \/>\n<meta property=\"og:locale\" content=\"fr_FR\" \/>\n<meta property=\"og:type\" content=\"article\" \/>\n<meta property=\"og:title\" content=\"Archives des Alliums\" \/>\n<meta property=\"og:description\" content=\"Allium : plante graphique, d\u00e9corative et versatile pour des jardins \u00e9blouissants. Vari\u00e9t\u00e9s aux floraisons \u00e9chelonn\u00e9es. Plantation automnale et printani\u00e8re.\" \/>\n<meta property=\"og:url\" content=\"https:\/\/www.ernest-turc.com\/boutique\/produits\/bulbes\/fleurs\/alliums\/\" \/>\n<meta property=\"og:site_name\" content=\"Ernest TURC\" \/>\n<meta name=\"twitter:card\" content=\"summary_large_image\" \/>\n<script type=\"application\/ld+json\" class=\"yoast-schema-graph\">{\"@context\":\"https:\\\/\\\/schema.org\",\"@graph\":[{\"@type\":\"CollectionPage\",\"@id\":\"https:\\\/\\\/www.ernest-turc.com\\\/boutique\\\/produits\\\/bulbes\\\/fleurs\\\/alliums\\\/\",\"url\":\"https:\\\/\\\/www.ernest-turc.com\\\/boutique\\\/produits\\\/bulbes\\\/fleurs\\\/alliums\\\/\",\"name\":\"Bulbes Alliums - Ernest TURC\",\"isPartOf\":{\"@id\":\"https:\\\/\\\/www.ernest-turc.com\\\/boutique\\\/#website\"},\"description\":\"Allium : plante graphique, d\u00e9corative et versatile pour des jardins \u00e9blouissants. Vari\u00e9t\u00e9s aux floraisons \u00e9chelonn\u00e9es. Plantation automnale et printani\u00e8re.\",\"breadcrumb\":{\"@id\":\"https:\\\/\\\/www.ernest-turc.com\\\/boutique\\\/produits\\\/bulbes\\\/fleurs\\\/alliums\\\/#breadcrumb\"},\"inLanguage\":\"fr-FR\"},{\"@type\":\"BreadcrumbList\",\"@id\":\"https:\\\/\\\/www.ernest-turc.com\\\/boutique\\\/produits\\\/bulbes\\\/fleurs\\\/alliums\\\/#breadcrumb\",\"itemListElement\":[{\"@type\":\"ListItem\",\"position\":1,\"name\":\"Accueil\",\"item\":\"https:\\\/\\\/www.ernest-turc.com\\\/boutique\\\/\"},{\"@type\":\"ListItem\",\"position\":2,\"name\":\"Bulbes\",\"item\":\"https:\\\/\\\/www.ernest-turc.com\\\/boutique\\\/produits\\\/bulbes\\\/\"},{\"@type\":\"ListItem\",\"position\":3,\"name\":\"Bulbes \u00e0 Fleurs\",\"item\":\"https:\\\/\\\/www.ernest-turc.com\\\/boutique\\\/produits\\\/bulbes\\\/fleurs\\\/\"},{\"@type\":\"ListItem\",\"position\":4,\"name\":\"Alliums\"}]},{\"@type\":\"WebSite\",\"@id\":\"https:\\\/\\\/www.ernest-turc.com\\\/boutique\\\/#website\",\"url\":\"https:\\\/\\\/www.ernest-turc.com\\\/boutique\\\/\",\"name\":\"Ernest TURC\",\"description\":\"\",\"publisher\":{\"@id\":\"https:\\\/\\\/www.ernest-turc.com\\\/boutique\\\/#organization\"},\"potentialAction\":[{\"@type\":\"SearchAction\",\"target\":{\"@type\":\"EntryPoint\",\"urlTemplate\":\"https:\\\/\\\/www.ernest-turc.com\\\/boutique\\\/?s={search_term_string}\"},\"query-input\":{\"@type\":\"PropertyValueSpecification\",\"valueRequired\":true,\"valueName\":\"search_term_string\"}}],\"inLanguage\":\"fr-FR\"},{\"@type\":\"Organization\",\"@id\":\"https:\\\/\\\/www.ernest-turc.com\\\/boutique\\\/#organization\",\"name\":\"Boutique Ernest TURC\",\"alternateName\":\"Ernest TURC\",\"url\":\"https:\\\/\\\/www.ernest-turc.com\\\/boutique\\\/\",\"logo\":{\"@type\":\"ImageObject\",\"inLanguage\":\"fr-FR\",\"@id\":\"https:\\\/\\\/www.ernest-turc.com\\\/boutique\\\/#\\\/schema\\\/logo\\\/image\\\/\",\"url\":\"https:\\\/\\\/www.ernest-turc.com\\\/boutique\\\/wp-content\\\/uploads\\\/2020\\\/10\\\/logo.png\",\"contentUrl\":\"https:\\\/\\\/www.ernest-turc.com\\\/boutique\\\/wp-content\\\/uploads\\\/2020\\\/10\\\/logo.png\",\"width\":161,\"height\":161,\"caption\":\"Boutique Ernest TURC\"},\"image\":{\"@id\":\"https:\\\/\\\/www.ernest-turc.com\\\/boutique\\\/#\\\/schema\\\/logo\\\/image\\\/\"},\"sameAs\":[\"https:\\\/\\\/www.facebook.com\\\/ErnestTURC49\",\"https:\\\/\\\/www.instagram.com\\\/ernestturc\",\"https:\\\/\\\/www.linkedin.com\\\/company\\\/ernest-turc\\\/\",\"https:\\\/\\\/www.pinterest.fr\\\/ernestturc\",\"https:\\\/\\\/www.youtube.com\\\/channel\\\/UCH3ntWhy3mdcqw9-xF6pmEQ\"]}]}<\/script>\n<!-- \/ Yoast SEO Premium plugin. -->","yoast_head_json":{"title":"Bulbes Alliums - Ernest TURC","description":"Allium : plante graphique, d\u00e9corative et versatile pour des jardins \u00e9blouissants. Vari\u00e9t\u00e9s aux floraisons \u00e9chelonn\u00e9es. Plantation automnale et printani\u00e8re.","robots":{"index":"index","follow":"follow","max-snippet":"max-snippet:-1","max-image-preview":"max-image-preview:large","max-video-preview":"max-video-preview:-1"},"canonical":"https:\/\/www.ernest-turc.com\/boutique\/produits\/bulbes\/fleurs\/alliums\/","og_locale":"fr_FR","og_type":"article","og_title":"Archives des Alliums","og_description":"Allium : plante graphique, d\u00e9corative et versatile pour des jardins \u00e9blouissants. Vari\u00e9t\u00e9s aux floraisons \u00e9chelonn\u00e9es. Plantation automnale et printani\u00e8re.","og_url":"https:\/\/www.ernest-turc.com\/boutique\/produits\/bulbes\/fleurs\/alliums\/","og_site_name":"Ernest TURC","twitter_card":"summary_large_image","schema":{"@context":"https:\/\/schema.org","@graph":[{"@type":"CollectionPage","@id":"https:\/\/www.ernest-turc.com\/boutique\/produits\/bulbes\/fleurs\/alliums\/","url":"https:\/\/www.ernest-turc.com\/boutique\/produits\/bulbes\/fleurs\/alliums\/","name":"Bulbes Alliums - Ernest TURC","isPartOf":{"@id":"https:\/\/www.ernest-turc.com\/boutique\/#website"},"description":"Allium : plante graphique, d\u00e9corative et versatile pour des jardins \u00e9blouissants. Vari\u00e9t\u00e9s aux floraisons \u00e9chelonn\u00e9es. Plantation automnale et printani\u00e8re.","breadcrumb":{"@id":"https:\/\/www.ernest-turc.com\/boutique\/produits\/bulbes\/fleurs\/alliums\/#breadcrumb"},"inLanguage":"fr-FR"},{"@type":"BreadcrumbList","@id":"https:\/\/www.ernest-turc.com\/boutique\/produits\/bulbes\/fleurs\/alliums\/#breadcrumb","itemListElement":[{"@type":"ListItem","position":1,"name":"Accueil","item":"https:\/\/www.ernest-turc.com\/boutique\/"},{"@type":"ListItem","position":2,"name":"Bulbes","item":"https:\/\/www.ernest-turc.com\/boutique\/produits\/bulbes\/"},{"@type":"ListItem","position":3,"name":"Bulbes \u00e0 Fleurs","item":"https:\/\/www.ernest-turc.com\/boutique\/produits\/bulbes\/fleurs\/"},{"@type":"ListItem","position":4,"name":"Alliums"}]},{"@type":"WebSite","@id":"https:\/\/www.ernest-turc.com\/boutique\/#website","url":"https:\/\/www.ernest-turc.com\/boutique\/","name":"Ernest TURC","description":"","publisher":{"@id":"https:\/\/www.ernest-turc.com\/boutique\/#organization"},"potentialAction":[{"@type":"SearchAction","target":{"@type":"EntryPoint","urlTemplate":"https:\/\/www.ernest-turc.com\/boutique\/?s={search_term_string}"},"query-input":{"@type":"PropertyValueSpecification","valueRequired":true,"valueName":"search_term_string"}}],"inLanguage":"fr-FR"},{"@type":"Organization","@id":"https:\/\/www.ernest-turc.com\/boutique\/#organization","name":"Boutique Ernest TURC","alternateName":"Ernest TURC","url":"https:\/\/www.ernest-turc.com\/boutique\/","logo":{"@type":"ImageObject","inLanguage":"fr-FR","@id":"https:\/\/www.ernest-turc.com\/boutique\/#\/schema\/logo\/image\/","url":"https:\/\/www.ernest-turc.com\/boutique\/wp-content\/uploads\/2020\/10\/logo.png","contentUrl":"https:\/\/www.ernest-turc.com\/boutique\/wp-content\/uploads\/2020\/10\/logo.png","width":161,"height":161,"caption":"Boutique Ernest TURC"},"image":{"@id":"https:\/\/www.ernest-turc.com\/boutique\/#\/schema\/logo\/image\/"},"sameAs":["https:\/\/www.facebook.com\/ErnestTURC49","https:\/\/www.instagram.com\/ernestturc","https:\/\/www.linkedin.com\/company\/ernest-turc\/","https:\/\/www.pinterest.fr\/ernestturc","https:\/\/www.youtube.com\/channel\/UCH3ntWhy3mdcqw9-xF6pmEQ"]}]}},"_links":{"self":[{"href":"https:\/\/www.ernest-turc.com\/boutique\/wp-json\/wp\/v2\/product_cat\/1669","targetHints":{"allow":["GET"]}}],"collection":[{"href":"https:\/\/www.ernest-turc.com\/boutique\/wp-json\/wp\/v2\/product_cat"}],"about":[{"href":"https:\/\/www.ernest-turc.com\/boutique\/wp-json\/wp\/v2\/taxonomies\/product_cat"}],"up":[{"embeddable":true,"href":"https:\/\/www.ernest-turc.com\/boutique\/wp-json\/wp\/v2\/product_cat\/180"}],"wp:post_type":[{"href":"https:\/\/www.ernest-turc.com\/boutique\/wp-json\/wp\/v2\/product?product_cat=1669"}],"curies":[{"name":"wp","href":"https:\/\/api.w.org\/{rel}","templated":true}]}}